{"id":4451,"date":"2020-09-15T19:10:13","date_gmt":"2020-09-16T00:10:13","guid":{"rendered":"https:\/\/www.flechelle.com\/wp1\/?p=4451"},"modified":"2020-09-15T19:10:13","modified_gmt":"2020-09-16T00:10:13","slug":"campana-recall-t-cross","status":"publish","type":"post","link":"https:\/\/flechelle.com\/wp1\/campana-recall-t-cross\/","title":{"rendered":"Campa\u00f1a Recall"},"content":{"rendered":"\n<p style=\"text-align: justify;\"><strong>Euromotors S.A. <\/strong>Representante Oficial de la marca <strong>Volkswagen <\/strong>en el Per\u00fa, con RUC N\u00b0 20168544252 y domicilio en Av. Domingo Oru\u00e9 N\u00b0 979, Surquillo, Lima, tel\u00e9fono 618-5050, correo electr\u00f3nico info@volkswagen.com.pe, pone en conocimiento de sus clientes y usuarios en general, el llamado a revisi\u00f3n implementado por el fabricante <strong>Volkswagen do Brasil Ltda.<\/strong>, quien ha detectado que en algunos veh\u00edculos del modelo <strong>T-Cross <\/strong>a\u00f1o modelo 2020, podr\u00eda existir la posibilidad de aflojamiento de las tuercas superiores de fijaci\u00f3n de las bieletas en los amortiguadores delanteros.<\/p>\n\n\n\n<div class=\"wp-block-group\"><div class=\"wp-block-group__inner-container is-layout-flow wp-block-group-is-layout-flow\">\n<div class=\"wp-block-group\"><div class=\"wp-block-group__inner-container is-layout-flow wp-block-group-is-layout-flow\">\n<p style=\"text-align: justify;\">En vista de lo anterior, y a\u00fan cuando no se ha presentado ning\u00fan caso en nuestro pa\u00eds, el fabricante recomienda realizar la sustituci\u00f3n de las tuercas superiores de fijaci\u00f3n de las bieletas en los amortiguadores delanteros. Sumado a este compromiso de seguridad, tanto <strong>Euromotors S.A. <\/strong>en su condici\u00f3n de Representante Oficial de <strong>Volkswagen<\/strong> en el pa\u00eds, como la <strong>Red Oficial de Concesionarios Volkswagen <\/strong>se encuentran atentos de asegurar y gestionar la debida y oportuna atenci\u00f3n.<\/p>\n<\/div><\/div>\n<\/div><\/div>\n\n\n\n<p style=\"text-align: justify;\">Si usted fuese propietario o usuario de alguno de los veh\u00edculos que forman parte de este llamado a revisi\u00f3n seg\u00fan el rango de chasises indicado, le solicitamos que a partir del d\u00eda <strong>Lunes 14 de Septiembre de 2020<\/strong>, se ponga en contacto con cualquiera de los Concesionarios Oficiales <strong>Volkswagen <\/strong>a nivel nacional que pueden encontrarse en http:\/\/www.volkswagen.com.pe, con la finalidad de concertar una cita en la que se realizar\u00e1 la sustituci\u00f3n de los componentes indicados, lo cual podr\u00eda tomar aproximadamente 2 horas y naturalmente no tendr\u00e1 ning\u00fan costo adicional. Le rogamos comprender que por motivos de organizaci\u00f3n en el taller, la realizaci\u00f3n del trabajo se\u00f1alado podr\u00eda requerir algo m\u00e1s de tiempo.<\/p>\n\n\n\n<p style=\"text-align: justify;\">Si a usted le surgieran dudas con relaci\u00f3n a este llamado a servicio, y con el fin de verificar si su veh\u00edculo se encuentra comprendido en la campa\u00f1a, puede consultar a cualquiera de los Concesionarios Oficiales <strong>Volkswagen <\/strong>a nivel nacional que pueden encontrarse en http:\/\/www.volkswagen.com.pe o comunicarse a los tel\u00e9fonos o correos electr\u00f3nicos indicados al inicio de este aviso.&lt;\/p&gt;<\/p>\n","protected":false},"excerpt":{"rendered":"<p>Euromotors S.A. Representante Oficial de la marca Volkswagen en el Per\u00fa, con RUC N\u00b0 20168544252 y domicilio en Av. Domingo Oru\u00e9 N\u00b0 979, Surquillo, Lima, tel\u00e9fono 618-5050, correo electr\u00f3nico info@volkswagen.com.pe, pone en conocimiento de sus clientes y usuarios en general, el llamado a revisi\u00f3n implementado por el fabricante Volkswagen do Brasil Ltda., quien ha detectado [&hellip;]<\/p>\n","protected":false},"author":2,"featured_media":4455,"comment_status":"open","ping_status":"open","sticky":false,"template":"","format":"standard","meta":{"footnotes":""},"categories":[17],"tags":[],"class_list":["post-4451","post","type-post","status-publish","format-standard","has-post-thumbnail","hentry","category-volkswagen-noticias"],"yoast_head":"<!-- This site is optimized with the Yoast SEO plugin v27.2 - https:\/\/yoast.com\/product\/yoast-seo-wordpress\/ -->\n<title>Campa\u00f1a Recall - EFA | Flechelle<\/title>\n<meta name=\"robots\" content=\"index, follow, max-snippet:-1, max-image-preview:large, max-video-preview:-1\" \/>\n<link rel=\"canonical\" href=\"https:\/\/flechelle.com\/wp1\/campana-recall-t-cross\/\" \/>\n<meta property=\"og:locale\" content=\"es_ES\" \/>\n<meta property=\"og:type\" content=\"article\" \/>\n<meta property=\"og:title\" content=\"Campa\u00f1a Recall - EFA | Flechelle\" \/>\n<meta property=\"og:description\" content=\"Euromotors S.A. Representante Oficial de la marca Volkswagen en el Per\u00fa, con RUC N\u00b0 20168544252 y domicilio en Av. Domingo Oru\u00e9 N\u00b0 979, Surquillo, Lima, tel\u00e9fono 618-5050, correo electr\u00f3nico info@volkswagen.com.pe, pone en conocimiento de sus clientes y usuarios en general, el llamado a revisi\u00f3n implementado por el fabricante Volkswagen do Brasil Ltda., quien ha detectado [&hellip;]\" \/>\n<meta property=\"og:url\" content=\"https:\/\/flechelle.com\/wp1\/campana-recall-t-cross\/\" \/>\n<meta property=\"og:site_name\" content=\"EFA | Flechelle\" \/>\n<meta property=\"article:publisher\" content=\"https:\/\/www.facebook.com\/EFAFlechelle\/\" \/>\n<meta property=\"article:published_time\" content=\"2020-09-16T00:10:13+00:00\" \/>\n<meta property=\"og:image\" content=\"https:\/\/flechelle.com\/wp1\/wp-content\/uploads\/2020\/09\/tcross-recall.png\" \/>\n\t<meta property=\"og:image:width\" content=\"870\" \/>\n\t<meta property=\"og:image:height\" content=\"450\" \/>\n\t<meta property=\"og:image:type\" content=\"image\/png\" \/>\n<meta name=\"author\" content=\"EFA | Flechelle\" \/>\n<meta name=\"twitter:card\" content=\"summary_large_image\" \/>\n<meta name=\"twitter:label1\" content=\"Escrito por\" \/>\n\t<meta name=\"twitter:data1\" content=\"EFA | Flechelle\" \/>\n\t<meta name=\"twitter:label2\" content=\"Tiempo de lectura\" \/>\n\t<meta name=\"twitter:data2\" content=\"2 minutos\" \/>\n<script type=\"application\/ld+json\" class=\"yoast-schema-graph\">{\"@context\":\"https:\/\/schema.org\",\"@graph\":[{\"@type\":\"Article\",\"@id\":\"https:\/\/flechelle.com\/wp1\/campana-recall-t-cross\/#article\",\"isPartOf\":{\"@id\":\"https:\/\/flechelle.com\/wp1\/campana-recall-t-cross\/\"},\"author\":{\"name\":\"EFA | Flechelle\",\"@id\":\"https:\/\/flechelle.com\/wp1\/#\/schema\/person\/de1cffd27ed45ff8b938d83d179ab7df\"},\"headline\":\"Campa\u00f1a Recall\",\"datePublished\":\"2020-09-16T00:10:13+00:00\",\"mainEntityOfPage\":{\"@id\":\"https:\/\/flechelle.com\/wp1\/campana-recall-t-cross\/\"},\"wordCount\":374,\"commentCount\":0,\"publisher\":{\"@id\":\"https:\/\/flechelle.com\/wp1\/#organization\"},\"image\":{\"@id\":\"https:\/\/flechelle.com\/wp1\/campana-recall-t-cross\/#primaryimage\"},\"thumbnailUrl\":\"https:\/\/flechelle.com\/wp1\/wp-content\/uploads\/2020\/09\/tcross-recall.png\",\"articleSection\":[\"Noticias\"],\"inLanguage\":\"es\",\"potentialAction\":[{\"@type\":\"CommentAction\",\"name\":\"Comment\",\"target\":[\"https:\/\/flechelle.com\/wp1\/campana-recall-t-cross\/#respond\"]}]},{\"@type\":\"WebPage\",\"@id\":\"https:\/\/flechelle.com\/wp1\/campana-recall-t-cross\/\",\"url\":\"https:\/\/flechelle.com\/wp1\/campana-recall-t-cross\/\",\"name\":\"Campa\u00f1a Recall - EFA | Flechelle\",\"isPartOf\":{\"@id\":\"https:\/\/flechelle.com\/wp1\/#website\"},\"primaryImageOfPage\":{\"@id\":\"https:\/\/flechelle.com\/wp1\/campana-recall-t-cross\/#primaryimage\"},\"image\":{\"@id\":\"https:\/\/flechelle.com\/wp1\/campana-recall-t-cross\/#primaryimage\"},\"thumbnailUrl\":\"https:\/\/flechelle.com\/wp1\/wp-content\/uploads\/2020\/09\/tcross-recall.png\",\"datePublished\":\"2020-09-16T00:10:13+00:00\",\"breadcrumb\":{\"@id\":\"https:\/\/flechelle.com\/wp1\/campana-recall-t-cross\/#breadcrumb\"},\"inLanguage\":\"es\",\"potentialAction\":[{\"@type\":\"ReadAction\",\"target\":[\"https:\/\/flechelle.com\/wp1\/campana-recall-t-cross\/\"]}]},{\"@type\":\"ImageObject\",\"inLanguage\":\"es\",\"@id\":\"https:\/\/flechelle.com\/wp1\/campana-recall-t-cross\/#primaryimage\",\"url\":\"https:\/\/flechelle.com\/wp1\/wp-content\/uploads\/2020\/09\/tcross-recall.png\",\"contentUrl\":\"https:\/\/flechelle.com\/wp1\/wp-content\/uploads\/2020\/09\/tcross-recall.png\",\"width\":870,\"height\":450},{\"@type\":\"BreadcrumbList\",\"@id\":\"https:\/\/flechelle.com\/wp1\/campana-recall-t-cross\/#breadcrumb\",\"itemListElement\":[{\"@type\":\"ListItem\",\"position\":1,\"name\":\"Portada\",\"item\":\"https:\/\/flechelle.com\/wp1\/\"},{\"@type\":\"ListItem\",\"position\":2,\"name\":\"Campa\u00f1a Recall\"}]},{\"@type\":\"WebSite\",\"@id\":\"https:\/\/flechelle.com\/wp1\/#website\",\"url\":\"https:\/\/flechelle.com\/wp1\/\",\"name\":\"EFA | Flechelle\",\"description\":\"Taller Oficial Volkswagen en Lima, Per\u00fa\",\"publisher\":{\"@id\":\"https:\/\/flechelle.com\/wp1\/#organization\"},\"potentialAction\":[{\"@type\":\"SearchAction\",\"target\":{\"@type\":\"EntryPoint\",\"urlTemplate\":\"https:\/\/flechelle.com\/wp1\/?s={search_term_string}\"},\"query-input\":{\"@type\":\"PropertyValueSpecification\",\"valueRequired\":true,\"valueName\":\"search_term_string\"}}],\"inLanguage\":\"es\"},{\"@type\":\"Organization\",\"@id\":\"https:\/\/flechelle.com\/wp1\/#organization\",\"name\":\"EFA | Flechelle\",\"url\":\"https:\/\/flechelle.com\/wp1\/\",\"logo\":{\"@type\":\"ImageObject\",\"inLanguage\":\"es\",\"@id\":\"https:\/\/flechelle.com\/wp1\/#\/schema\/logo\/image\/\",\"url\":\"https:\/\/flechelle.com\/wp1\/wp-content\/uploads\/2025\/03\/cropped-61321f3b00feb70004beb7bc.png\",\"contentUrl\":\"https:\/\/flechelle.com\/wp1\/wp-content\/uploads\/2025\/03\/cropped-61321f3b00feb70004beb7bc.png\",\"width\":512,\"height\":512,\"caption\":\"EFA | Flechelle\"},\"image\":{\"@id\":\"https:\/\/flechelle.com\/wp1\/#\/schema\/logo\/image\/\"},\"sameAs\":[\"https:\/\/www.facebook.com\/EFAFlechelle\/\",\"https:\/\/www.linkedin.com\/company\/wolkswagen-flechelle\/\"]},{\"@type\":\"Person\",\"@id\":\"https:\/\/flechelle.com\/wp1\/#\/schema\/person\/de1cffd27ed45ff8b938d83d179ab7df\",\"name\":\"EFA | Flechelle\",\"image\":{\"@type\":\"ImageObject\",\"inLanguage\":\"es\",\"@id\":\"https:\/\/secure.gravatar.com\/avatar\/57adbe03a81eaeab644ccc836ab35ac9dea8d5cc164d2b822270179cd91009cb?s=96&d=mm&r=g\",\"url\":\"https:\/\/secure.gravatar.com\/avatar\/57adbe03a81eaeab644ccc836ab35ac9dea8d5cc164d2b822270179cd91009cb?s=96&d=mm&r=g\",\"contentUrl\":\"https:\/\/secure.gravatar.com\/avatar\/57adbe03a81eaeab644ccc836ab35ac9dea8d5cc164d2b822270179cd91009cb?s=96&d=mm&r=g\",\"caption\":\"EFA | Flechelle\"},\"url\":\"https:\/\/flechelle.com\/wp1\/author\/enviofle\/\"}]}<\/script>\n<!-- \/ Yoast SEO plugin. -->","yoast_head_json":{"title":"Campa\u00f1a Recall - EFA | Flechelle","robots":{"index":"index","follow":"follow","max-snippet":"max-snippet:-1","max-image-preview":"max-image-preview:large","max-video-preview":"max-video-preview:-1"},"canonical":"https:\/\/flechelle.com\/wp1\/campana-recall-t-cross\/","og_locale":"es_ES","og_type":"article","og_title":"Campa\u00f1a Recall - EFA | Flechelle","og_description":"Euromotors S.A. Representante Oficial de la marca Volkswagen en el Per\u00fa, con RUC N\u00b0 20168544252 y domicilio en Av. Domingo Oru\u00e9 N\u00b0 979, Surquillo, Lima, tel\u00e9fono 618-5050, correo electr\u00f3nico info@volkswagen.com.pe, pone en conocimiento de sus clientes y usuarios en general, el llamado a revisi\u00f3n implementado por el fabricante Volkswagen do Brasil Ltda., quien ha detectado [&hellip;]","og_url":"https:\/\/flechelle.com\/wp1\/campana-recall-t-cross\/","og_site_name":"EFA | Flechelle","article_publisher":"https:\/\/www.facebook.com\/EFAFlechelle\/","article_published_time":"2020-09-16T00:10:13+00:00","og_image":[{"width":870,"height":450,"url":"https:\/\/flechelle.com\/wp1\/wp-content\/uploads\/2020\/09\/tcross-recall.png","type":"image\/png"}],"author":"EFA | Flechelle","twitter_card":"summary_large_image","twitter_misc":{"Escrito por":"EFA | Flechelle","Tiempo de lectura":"2 minutos"},"schema":{"@context":"https:\/\/schema.org","@graph":[{"@type":"Article","@id":"https:\/\/flechelle.com\/wp1\/campana-recall-t-cross\/#article","isPartOf":{"@id":"https:\/\/flechelle.com\/wp1\/campana-recall-t-cross\/"},"author":{"name":"EFA | Flechelle","@id":"https:\/\/flechelle.com\/wp1\/#\/schema\/person\/de1cffd27ed45ff8b938d83d179ab7df"},"headline":"Campa\u00f1a Recall","datePublished":"2020-09-16T00:10:13+00:00","mainEntityOfPage":{"@id":"https:\/\/flechelle.com\/wp1\/campana-recall-t-cross\/"},"wordCount":374,"commentCount":0,"publisher":{"@id":"https:\/\/flechelle.com\/wp1\/#organization"},"image":{"@id":"https:\/\/flechelle.com\/wp1\/campana-recall-t-cross\/#primaryimage"},"thumbnailUrl":"https:\/\/flechelle.com\/wp1\/wp-content\/uploads\/2020\/09\/tcross-recall.png","articleSection":["Noticias"],"inLanguage":"es","potentialAction":[{"@type":"CommentAction","name":"Comment","target":["https:\/\/flechelle.com\/wp1\/campana-recall-t-cross\/#respond"]}]},{"@type":"WebPage","@id":"https:\/\/flechelle.com\/wp1\/campana-recall-t-cross\/","url":"https:\/\/flechelle.com\/wp1\/campana-recall-t-cross\/","name":"Campa\u00f1a Recall - EFA | Flechelle","isPartOf":{"@id":"https:\/\/flechelle.com\/wp1\/#website"},"primaryImageOfPage":{"@id":"https:\/\/flechelle.com\/wp1\/campana-recall-t-cross\/#primaryimage"},"image":{"@id":"https:\/\/flechelle.com\/wp1\/campana-recall-t-cross\/#primaryimage"},"thumbnailUrl":"https:\/\/flechelle.com\/wp1\/wp-content\/uploads\/2020\/09\/tcross-recall.png","datePublished":"2020-09-16T00:10:13+00:00","breadcrumb":{"@id":"https:\/\/flechelle.com\/wp1\/campana-recall-t-cross\/#breadcrumb"},"inLanguage":"es","potentialAction":[{"@type":"ReadAction","target":["https:\/\/flechelle.com\/wp1\/campana-recall-t-cross\/"]}]},{"@type":"ImageObject","inLanguage":"es","@id":"https:\/\/flechelle.com\/wp1\/campana-recall-t-cross\/#primaryimage","url":"https:\/\/flechelle.com\/wp1\/wp-content\/uploads\/2020\/09\/tcross-recall.png","contentUrl":"https:\/\/flechelle.com\/wp1\/wp-content\/uploads\/2020\/09\/tcross-recall.png","width":870,"height":450},{"@type":"BreadcrumbList","@id":"https:\/\/flechelle.com\/wp1\/campana-recall-t-cross\/#breadcrumb","itemListElement":[{"@type":"ListItem","position":1,"name":"Portada","item":"https:\/\/flechelle.com\/wp1\/"},{"@type":"ListItem","position":2,"name":"Campa\u00f1a Recall"}]},{"@type":"WebSite","@id":"https:\/\/flechelle.com\/wp1\/#website","url":"https:\/\/flechelle.com\/wp1\/","name":"EFA | Flechelle","description":"Taller Oficial Volkswagen en Lima, Per\u00fa","publisher":{"@id":"https:\/\/flechelle.com\/wp1\/#organization"},"potentialAction":[{"@type":"SearchAction","target":{"@type":"EntryPoint","urlTemplate":"https:\/\/flechelle.com\/wp1\/?s={search_term_string}"},"query-input":{"@type":"PropertyValueSpecification","valueRequired":true,"valueName":"search_term_string"}}],"inLanguage":"es"},{"@type":"Organization","@id":"https:\/\/flechelle.com\/wp1\/#organization","name":"EFA | Flechelle","url":"https:\/\/flechelle.com\/wp1\/","logo":{"@type":"ImageObject","inLanguage":"es","@id":"https:\/\/flechelle.com\/wp1\/#\/schema\/logo\/image\/","url":"https:\/\/flechelle.com\/wp1\/wp-content\/uploads\/2025\/03\/cropped-61321f3b00feb70004beb7bc.png","contentUrl":"https:\/\/flechelle.com\/wp1\/wp-content\/uploads\/2025\/03\/cropped-61321f3b00feb70004beb7bc.png","width":512,"height":512,"caption":"EFA | Flechelle"},"image":{"@id":"https:\/\/flechelle.com\/wp1\/#\/schema\/logo\/image\/"},"sameAs":["https:\/\/www.facebook.com\/EFAFlechelle\/","https:\/\/www.linkedin.com\/company\/wolkswagen-flechelle\/"]},{"@type":"Person","@id":"https:\/\/flechelle.com\/wp1\/#\/schema\/person\/de1cffd27ed45ff8b938d83d179ab7df","name":"EFA | Flechelle","image":{"@type":"ImageObject","inLanguage":"es","@id":"https:\/\/secure.gravatar.com\/avatar\/57adbe03a81eaeab644ccc836ab35ac9dea8d5cc164d2b822270179cd91009cb?s=96&d=mm&r=g","url":"https:\/\/secure.gravatar.com\/avatar\/57adbe03a81eaeab644ccc836ab35ac9dea8d5cc164d2b822270179cd91009cb?s=96&d=mm&r=g","contentUrl":"https:\/\/secure.gravatar.com\/avatar\/57adbe03a81eaeab644ccc836ab35ac9dea8d5cc164d2b822270179cd91009cb?s=96&d=mm&r=g","caption":"EFA | Flechelle"},"url":"https:\/\/flechelle.com\/wp1\/author\/enviofle\/"}]}},"_links":{"self":[{"href":"https:\/\/flechelle.com\/wp1\/wp-json\/wp\/v2\/posts\/4451","targetHints":{"allow":["GET"]}}],"collection":[{"href":"https:\/\/flechelle.com\/wp1\/wp-json\/wp\/v2\/posts"}],"about":[{"href":"https:\/\/flechelle.com\/wp1\/wp-json\/wp\/v2\/types\/post"}],"author":[{"embeddable":true,"href":"https:\/\/flechelle.com\/wp1\/wp-json\/wp\/v2\/users\/2"}],"replies":[{"embeddable":true,"href":"https:\/\/flechelle.com\/wp1\/wp-json\/wp\/v2\/comments?post=4451"}],"version-history":[{"count":0,"href":"https:\/\/flechelle.com\/wp1\/wp-json\/wp\/v2\/posts\/4451\/revisions"}],"wp:featuredmedia":[{"embeddable":true,"href":"https:\/\/flechelle.com\/wp1\/wp-json\/wp\/v2\/media\/4455"}],"wp:attachment":[{"href":"https:\/\/flechelle.com\/wp1\/wp-json\/wp\/v2\/media?parent=4451"}],"wp:term":[{"taxonomy":"category","embeddable":true,"href":"https:\/\/flechelle.com\/wp1\/wp-json\/wp\/v2\/categories?post=4451"},{"taxonomy":"post_tag","embeddable":true,"href":"https:\/\/flechelle.com\/wp1\/wp-json\/wp\/v2\/tags?post=4451"}],"curies":[{"name":"wp","href":"https:\/\/api.w.org\/{rel}","templated":true}]}}